{"id":954,"date":"2023-11-28T08:31:33","date_gmt":"2023-11-28T07:31:33","guid":{"rendered":"https:\/\/cgm-bw.de\/?p=954"},"modified":"2023-11-28T10:49:56","modified_gmt":"2023-11-28T09:49:56","slug":"cgm-bundesgewerkschaftstag-2023","status":"publish","type":"post","link":"https:\/\/cgm-bw.de\/?p=954","title":{"rendered":"CGM-                                              Bundesgewerkschaftstag 2023"},"content":{"rendered":"\n<p><\/p>\n\n\n\n<p><strong>Sindelfinger in Gewerkschaftsvorstand<\/strong><\/p>\n\n\n\n<p>Auf dem Bundesgewerkschaftstag der Christlichen Gewerkschaft Metall wurde der Sindelfinger Betriebsrat Dirk Junger als Mitglied im Hauptvorstand best\u00e4tigt.<\/p>\n\n\n\n<figure class=\"wp-block-image size-large\"><img loading=\"lazy\" decoding=\"async\" width=\"253\" height=\"142\" src=\"https:\/\/cgm-bw.de\/wp-content\/uploads\/2023\/11\/image-5.jpg\" alt=\"\" class=\"wp-image-976\"\/><\/figure>\n\n\n\n<p>Vom 20. bis 21. Oktober fand in Wernigerode der 19. ordentliche Bundesgewerkschaftstag (BGT) der Christlichen Gewerkschaft Metall (CGM) statt. Der BGT findet alle vier Jahre in einem anderen Bundesland statt. Auf der diesj\u00e4hrigen Versammlung in Sachsen-Anhalt wurde der Sindelfinger&nbsp;Betriebsrat&nbsp;Dirk Junger als Mitglied im Hauptvorstand best\u00e4tigt.<\/p>\n\n\n\n<p><strong>Erfahren im Einsatz f\u00fcr andere<\/strong><\/p>\n\n\n\n<p>Dirk&nbsp;Junger&nbsp;setzt sich&nbsp;als langj\u00e4hriger Betriebsrat im Daimlerwerk Sindelfingen&nbsp;f\u00fcr die Anliegen der Kolleginnen und Kollegen an der Basis ein. Er&nbsp;freut sich&nbsp;daher sehr \u00fcber seinen Wiedereinzug in den Hauptvorstand der Gewerkschaft und bewertet ihn als&nbsp;Vertrauensbeweis der Kolleginnen und Kollegen.&nbsp;\u201eIch&nbsp;bedankemich f\u00fcr das Vertrauen und werde mich f\u00fcr die Interessen der Kolleginnen und Kollegen die n\u00e4chsten 4 Jahre&nbsp;einsetzen,&nbsp;um der CGM eine weitere Zukunft&nbsp;geben. Gewerkschaften sind ein wichtiger Bestanteil der Demokratie und das Bewusstseins der Wichtigkeit&nbsp;muss&nbsp;in der Gesellschaft wieder geweckt werden&nbsp;\u201c<\/p>\n\n\n\n<p><strong>Stark vertreten auf der Bundesebene<\/strong><\/p>\n\n\n\n<p>Der Bezirksverband B\u00f6blingen-Herrenberg ist in der CGM auf der Bundesebene stark vertreten. Neben Dirk Junger ist mit Ralf Holten ein weiteres Mitglied des CGM-Bezirks B\u00f6blingen-Herrenberg Teil des Hauptvorstands der Gewerkschaft im Bund. Ralf Holten, der aus dem Kreis Calw kommt und Landesvorsitzender der Gewerkschaft in Baden-W\u00fcrttemberg ist, sitzt sogar im gesch\u00e4ftsf\u00fchrenden Hauptvorstand der CGM.<\/p>\n\n\n\n<figure class=\"wp-block-image size-large\"><img loading=\"lazy\" decoding=\"async\" width=\"300\" height=\"195\" src=\"https:\/\/cgm-bw.de\/wp-content\/uploads\/2023\/11\/image-2-300x195.jpg\" alt=\"\" class=\"wp-image-970\" srcset=\"https:\/\/cgm-bw.de\/wp-content\/uploads\/2023\/11\/image-2-300x195.jpg 300w, https:\/\/cgm-bw.de\/wp-content\/uploads\/2023\/11\/image-2.jpg 975w\" sizes=\"auto, (max-width: 300px) 100vw, 300px\" \/><figcaption class=\"wp-element-caption\"><strong>Dirk Junger \/ Ralf Holten<\/strong><\/figcaption><\/figure>\n\n\n\n<p>Der gesch\u00e4ftsf\u00fchrende Hauptvorstand ist eines der wichtigsten Gremien der Gewerkschaft, er&nbsp;unterst\u00fctzt direkt die Arbeit desBundesvorsitzenden. Ein besonderes Anliegen ist&nbsp;Ralf&nbsp;Holten daher,&nbsp;den Menschen in seiner Vielfalt st\u00e4rker in den Blick zu nehmen und auf dessen Talente zu setzen.&nbsp;\u201eDabei will ich innerhalb und au\u00dferhalb der CGM, der pers\u00f6nlichste Ansprechpartner f\u00fcr ein sorgenfreies Arbeitsleben sein. Und dies nicht zuletzt in sich wandelnden Zeiten wie Transformation und KI, dem technischen Fortschritt positiv und gestaltend zugewandt.\u201c<\/p>\n\n\n\n<p> <\/p>\n\n\n\n<p><strong>Wirtschaft krisensicher machen<\/strong><\/p>\n\n\n\n<p>Der BGT 2023 befasste sich vorrangig mit der Frage, wie die Wirtschaft krisenfester gemacht und krisenresistent ausgerichtet werden kann.&nbsp;Denn bei ihrem gewerkschaftlichen Einsatz f\u00fcr zukunftssichere Arbeitspl\u00e4tze und eine sozial gerechtere Gesellschaft in Deutschland werden die Kolleginnen und Kollegen der CGM t\u00e4glich mit Problemen wie Energiekrise und Fachkr\u00e4ftemangel konfrontiert.&nbsp;<\/p>\n\n\n\n<p>In dem einstimmig verabschiedeten Leitantrag machten die Delegierten deutlich, wie diese Herausforderungen gemeistert werden k\u00f6nnen. Sie sprachen sich unter anderem f\u00fcr eine R\u00fcckbesinnung auf das christliche Menschenbild aus. Dieses fordert Hilfe zur Selbsthilfe sowie den Grundgedanken der N\u00e4chstenliebe und soll als Grundlage f\u00fcr wirtschaftliches Handeln dienen.<\/p>\n\n\n\n<p>Unternehmen m\u00fcssen sich st\u00e4rker f\u00fcr die Belange ihrer Mitarbeiter einsetzen und soziale Verantwortung \u00fcbernehmen. Das Ziel muss eine lebensdienliche \u00d6konomie sein, bei der die Menschen im Mittelpunkt stehen. Eine solche Vorgehensweise tr\u00e4gt aktiv dazu bei, dass Krisen nicht eskalieren, sondern abgemildert werden.<\/p>\n\n\n\n<p><strong>Neuer CGM-Bundesvorstand<\/strong><\/p>\n\n\n\n<p>Auf der Versammlung w\u00e4hlten die Delegierten aus ganz Deutschland auch eine neue F\u00fchrung an der Spitze der CGM. Die n\u00e4chsten vier Jahre lenkt Sebastian Scheder (Bayern) als Bundesvorsitzender die Geschicke der Gewerkschaft. Er tritt diese Aufgabe gemeinsam mit seinen Stellvertretern Tatjana Roeder (Saarland) und Christian Hertzog (Berlin) an.<\/p>\n\n\n\n<p>In seiner Antrittsrede zeigte sich der frischgebackene Gewerkschaftschef&nbsp;Scheder&nbsp;tatkr\u00e4ftig und dankte f\u00fcr die Einigkeit und Disziplin der Delegierten. Insgesamt bewertete er die Entscheidungen und Diskussionen&nbsp;als&nbsp;sehr positiv. Es&nbsp;gehe&nbsp;ein Aufbruchssignal von Wernigerode f\u00fcr die Gewerkschaft aus.<\/p>\n\n\n\n<p><strong>Begr\u00fc\u00dfung durch Politik<\/strong><\/p>\n\n\n\n<p>Zu Beginn begr\u00fc\u00dfte der stellvertretende B\u00fcrgermeister von Wernigerode Immo Kramer die Delegierten in der sch\u00f6nen Harzstadt.&nbsp;Darauf folgte Ministerpr\u00e4sidenten Dr. Haseloff, der die Versammlung in einer Videogru\u00dfbotschaft&nbsp;gr\u00fc\u00dfte. Er hob in seiner Botschaft hervor, wie wichtig Gewerkschaften f\u00fcr gute Arbeitsbedingungen und angemessene L\u00f6hne sind und lobte die CGM zu ihrem bald 125-j\u00e4hrigen Bestehen.<\/p>\n\n\n\n<p>Pers\u00f6nlich aus der Landesregierung in Magdeburg war Justizministerin Franziska Weidinger anwesend und hielt ein Gru\u00dfwort. Frau Ministerin Weidinger wies darauf hin, dass Gewerkschaften nicht nur essenzielle Bedeutung f\u00fcr die L\u00f6hne haben, sondern ihnen ebenfalls in Justiz und Gesetzgebung eine wichtige Rolle zukommt.&nbsp;In ihrer Rede ging sie au\u00dferdem auf aktuelle Herausforderungen in der Arbeitsgerichtsbarkeit ein und welche L\u00f6sungen das Land Sachsen-Anhalt hier sieht.&nbsp;<\/p>\n\n\n\n<p>&nbsp;<\/p>\n\n\n\n<figure class=\"wp-block-image\"><img decoding=\"async\" src=\"x-apple-ql-id:\/\/5DB63227-C106-4FE6-833B-88B04CE43021\/x-apple-ql-magic\/C4266D56-B46C-425A-A230-27D48D265A95.jpg\" alt=\"\"\/><\/figure>\n\n\n\n<p>Mit Tobias Krull, MdL, und Olaf Meister, MdL, waren auch Landtagsabgeordnete der CDU und Gr\u00fcnen anwesend und begr\u00fc\u00dften die Delegierten in Sachsen-Anhalt. Schriftliche Gru\u00dfworte hatte die Gewerkschafter auch bekommen. So gr\u00fc\u00dften unter anderem der Bundesvorsitzende der CDU, Friedrich Merz, der bayrische Ministerpr\u00e4sident Dr. Markus S\u00f6der und der CDA-Bundesvorsitzende, der nordrheinwestf\u00e4lischen Arbeitsminister Karl-Josef Laumann, die Versammlung in Wernigerode.<\/p>\n\n\n\n<p>&nbsp;<\/p>\n\n\n\n<p> <\/p>\n\n\n\n<p><strong>\u00dcber die CGM:<\/strong><\/p>\n\n\n\n<p>Die CGM ist eine freie, unabh\u00e4ngige und demokratische Gewerkschaft. Auf Grundlage des christlichen Menschenbilds, das uns zur Solidarit\u00e4t aufruft, engagieren wir uns f\u00fcr unsere Mitglieder. Als zweitgr\u00f6\u00dfte Gewerkschaft in der Metall- und Elektroindustrie und anerkannter Sozialpartner schlie\u00dfen wir Tarifvertr\u00e4ge in unterschiedlichen Branchen, insbesondere dem Handwerk, ab.<\/p>\n\n\n\n<p>Gegr\u00fcndet wurden wir 1899 in Duisburg als Christlicher Metallarbeiterverband (CMV). Sitz unserer Hauptverwaltung ist in Stuttgart. Unser derzeitiger Bundesvorsitzender ist Sebastian Scheder. Durch unsere elf Gesch\u00e4ftsstellen sind wir in der gesamten Bundesrepublik vertreten.<\/p>\n\n\n\n<p>Wir geh\u00f6ren dem Christlichen Gewerkschaftsbund Deutschlands (CGB) an. Als Mitglied in den Dachverb\u00e4nden WOW und CESI sind wir Teil der internationalen Gewerkschaftsbewegung.<\/p>\n\n\n\n<p>Wir glauben an die Macht der Solidarit\u00e4t und die Notwendigkeit einer heterogenen und pluralen Gewerkschaftswelt. Unsere Gewerkschaft vertritt Arbeitnehmerinnen und Arbeitnehmer aus Industrie und Handwerk, unabh\u00e4ngig von Geschlecht, Konfession<\/p>\n","protected":false},"excerpt":{"rendered":"<p>Sindelfinger in Gewerkschaftsvorstand Auf dem Bundesgewerkschaftstag der Christlichen Gewerkschaft Metall wurde der Sindelfinger Betriebsrat Dirk Junger als Mitglied im Hauptvorstand best\u00e4tigt. Vom 20. bis 21. Oktober fand in Wernigerode der 19. ordentliche Bundesgewerkschaftstag (BGT) der Christlichen Gewerkschaft Metall (CGM) statt. Der BGT findet alle vier Jahre in einem anderen Bundesland statt. Auf der diesj\u00e4hrigen Versammlung &hellip; <\/p>\n<p class=\"link-more\"><a href=\"https:\/\/cgm-bw.de\/?p=954\" class=\"more-link\">Mehr <span class=\"screen-reader-text\">\u00fcber &#8222;CGM-                                              Bundesgewerkschaftstag 2023&#8220; <\/span>Lesen<\/a><\/p>\n","protected":false},"author":11,"featured_media":0,"comment_status":"open","ping_status":"open","sticky":false,"template":"","format":"standard","meta":{"footnotes":""},"categories":[9,25,20,22,21],"tags":[],"class_list":["post-954","post","type-post","status-publish","format-standard","hentry","category-herrenberg-boeblingen","category-rastatt","category-sindelfingen","category-stuttgart-untertuerkheim","category-stuttgart-zentrale"],"_links":{"self":[{"href":"https:\/\/cgm-bw.de\/index.php?rest_route=\/wp\/v2\/posts\/954","targetHints":{"allow":["GET"]}}],"collection":[{"href":"https:\/\/cgm-bw.de\/index.php?rest_route=\/wp\/v2\/posts"}],"about":[{"href":"https:\/\/cgm-bw.de\/index.php?rest_route=\/wp\/v2\/types\/post"}],"author":[{"embeddable":true,"href":"https:\/\/cgm-bw.de\/index.php?rest_route=\/wp\/v2\/users\/11"}],"replies":[{"embeddable":true,"href":"https:\/\/cgm-bw.de\/index.php?rest_route=%2Fwp%2Fv2%2Fcomments&post=954"}],"version-history":[{"count":9,"href":"https:\/\/cgm-bw.de\/index.php?rest_route=\/wp\/v2\/posts\/954\/revisions"}],"predecessor-version":[{"id":978,"href":"https:\/\/cgm-bw.de\/index.php?rest_route=\/wp\/v2\/posts\/954\/revisions\/978"}],"wp:attachment":[{"href":"https:\/\/cgm-bw.de\/index.php?rest_route=%2Fwp%2Fv2%2Fmedia&parent=954"}],"wp:term":[{"taxonomy":"category","embeddable":true,"href":"https:\/\/cgm-bw.de\/index.php?rest_route=%2Fwp%2Fv2%2Fcategories&post=954"},{"taxonomy":"post_tag","embeddable":true,"href":"https:\/\/cgm-bw.de\/index.php?rest_route=%2Fwp%2Fv2%2Ftags&post=954"}],"curies":[{"name":"wp","href":"https:\/\/api.w.org\/{rel}","templated":true}]}}